{"id":150,"date":"2011-03-13T10:09:14","date_gmt":"2011-03-13T10:09:14","guid":{"rendered":"http:\/\/www.sociologic.ro\/a-cotroci\/"},"modified":"2017-08-30T00:13:26","modified_gmt":"2017-08-29T21:13:26","slug":"a-cotroci","status":"publish","type":"post","link":"https:\/\/www.sociologic.ro\/en\/a-cotroci\/","title":{"rendered":"A cotroci"},"content":{"rendered":"<p>Intersec\u0163ie \u00een Drumul Taberei, Bucure\u015fti. Pe un panou spre o \u201ecatedral\u0103 a consumului\u201d \u00een termenii lui Ritzer scrie \u201ereal,- COTORCENI\u201d, indic\u00e2nd direc\u0163ia \u015fi distan\u0163a de 300 de metri. S\u0103 elimin\u0103m suspiciunea unei glume a competi\u0163iei \u015fi asum\u0103m s\u0103 faptul c\u0103 indicatorul a parcurs toate etapele de concepere, aprobare, fabricare, verificare, montare \u015fi recep\u0163ie. Avem, institu\u0163ional vorbind, departament de marketing, un atelier sau o f\u0103bricu\u0163\u0103, ceva Direc\u0163ie de Semnalizare la Poli\u0163ie, probabil un Serviciu la Prim\u0103rie \u015fi, absolut sigur, o gr\u0103mad\u0103 de incompeten\u0163i. Sau dovada c\u0103 \u201e<em>noi muncim, nu g\u00e2ndim<\/em>\u201d. Inten\u0163ia realizatorilor era, desigur, s\u0103 scrie \u201eCotroceni\u201d, vechi cartier al Bucure\u015ftilor al c\u0103rui nume provine de la \u201ea cotroci\u201d, \u201ecei care \u201ecotrocesc\u201d, vechi regionalism care \u00eenseamn\u0103 \u201ea cotrob\u0103i\u201d, \u201ea scotoci\u201d, \u201ea scormoni\u201d (sursa\u00a0<a title=\"Dictando\" href=\"http:\/\/dictando.blogspot.com\/2010\/02\/pasciunea-cartierului.html\">Dictando<\/a>). Moderna variant\u0103 \u201ecotorcenit\u0103\u201d reprezint\u0103, \u00een contextul men\u0163ionat, lipsa preocup\u0103rilor pentru lucrul bine f\u0103cut \u015fi credin\u0163a c\u0103 \u201emerge \u015fi a\u015fa\u201d. \u00cen fapt, au trecut de la momentul fotografiei mai multe luni, cine \u015ftie c\u00e2te de la montarea panoului\u2026<\/p>\n\n<p><img data-recalc-dims=\"1\" loading=\"lazy\" decoding=\"async\" data-attachment-id=\"149\" data-permalink=\"https:\/\/www.sociologic.ro\/en\/a-cotroci\/attachment-cotorceni\/\" data-orig-file=\"https:\/\/i0.wp.com\/www.sociologic.ro\/wp-content\/uploads\/2011\/03\/cotorceni.JPG?fit=1024%2C768&amp;ssl=1\" data-orig-size=\"1024,768\" data-comments-opened=\"1\" data-image-meta=\"{&quot;aperture&quot;:&quot;8&quot;,&quot;credit&quot;:&quot;&quot;,&quot;camera&quot;:&quot;FinePix S5100&quot;,&quot;caption&quot;:&quot;&quot;,&quot;created_timestamp&quot;:&quot;1072915480&quot;,&quot;copyright&quot;:&quot;&quot;,&quot;focal_length&quot;:&quot;5.7&quot;,&quot;iso&quot;:&quot;100&quot;,&quot;shutter_speed&quot;:&quot;0.0125&quot;,&quot;title&quot;:&quot;&quot;,&quot;orientation&quot;:&quot;1&quot;}\" data-image-title=\"cotorceni\" data-image-description=\"\" data-image-caption=\"\" data-medium-file=\"https:\/\/i0.wp.com\/www.sociologic.ro\/wp-content\/uploads\/2011\/03\/cotorceni.JPG?fit=300%2C225&amp;ssl=1\" data-large-file=\"https:\/\/i0.wp.com\/www.sociologic.ro\/wp-content\/uploads\/2011\/03\/cotorceni.JPG?fit=660%2C495&amp;ssl=1\" class=\"size-full wp-image-149\" style=\"margin: 5px auto; display: block;\" src=\"https:\/\/i0.wp.com\/www.sociologic.ro\/wp-content\/uploads\/2011\/03\/cotorceni.JPG?resize=600%2C450\" alt=\"cotorceni\" width=\"600\" height=\"450\" srcset=\"https:\/\/i0.wp.com\/www.sociologic.ro\/wp-content\/uploads\/2011\/03\/cotorceni.JPG?w=1024&amp;ssl=1 1024w, https:\/\/i0.wp.com\/www.sociologic.ro\/wp-content\/uploads\/2011\/03\/cotorceni.JPG?resize=400%2C300&amp;ssl=1 400w, https:\/\/i0.wp.com\/www.sociologic.ro\/wp-content\/uploads\/2011\/03\/cotorceni.JPG?resize=300%2C225&amp;ssl=1 300w, https:\/\/i0.wp.com\/www.sociologic.ro\/wp-content\/uploads\/2011\/03\/cotorceni.JPG?resize=768%2C576&amp;ssl=1 768w\" sizes=\"auto, (max-width: 600px) 100vw, 600px\" \/><\/p>\n\n<p>Mai este un aspect pe care \u00eel g\u0103sesc interesant. Loca\u0163ia respectivului hyper-ultra-para-mall nu este \u00een cartierul Cotroceni. Cel mai probabil la o \u201efurtun\u0103 de creiere\u201d s-a decis c\u0103 asocierea cu vilu\u0163ele \u201ecotrob\u0103itoare\u201d este mai profitabil\u0103 dec\u00e2t cu \u201emilit\u0103ria\u201d modern\u0103 \u015fi prefabricat\u0103 sau cu \u201etaberele Vladimirescului\u201d. Cele dou\u0103 cartiere fiind st\u00e2njenitoare \u015fi degrab\u0103 limitatoare la profit, plea\u015fca de \u201epalace\u201d s-a pozi\u0163ionat ideatic, dar incorect geografic, la umbra platanilor preziden\u0163iali \u015fi a imaginii interbelice de frumoas\u0103 aducere aminte. Identitatea este \u00eens\u0103 fluid\u0103 \u015fi se construie\u015fte prin interac\u0163iunea cu ceilal\u0163i. Ne-o spune at\u00e2t de frumos Cooley: \u201e<em>I imagine your mind, and especially what your mind thinks about my mind, and what your mind thinks about what my mind thinks about your mind<\/em>\u201d (sursa\u00a0<a title=\"Cooley\" href=\"http:\/\/www.bolenderinitiatives.com\/sociology\/charles-horton-cooley-1864-1929\">Bolender Initiatives<\/a>). La nivel colectiv ne punem problema dac\u0103 suntem sau nu balcanici sau dac\u0103 unii au voie s\u0103 fie romi sau doar \u0163igani. Probleme apar atunci c\u00e2nd nu e\u015fti capabil s\u0103-\u0163i joci rolul, c\u00e2nd \u00een\u0163elesurile \u015fi simbolurile identit\u0103\u0163ii te conduc spre mistificare \u015fi contrafacere.<\/p>\n<p><span style=\"color: #808080;\">Fotografia a fost realizat\u0103 de Eugen Gl\u0103van. Informa\u0163ii Exif:<\/span><br \/>\n<span style=\"color: #808080;\">Place: Bucure\u015fti, Rom\u00e2nia<\/span><br \/>\n<span style=\"color: #808080;\">Date and time original image was generated: 2010:11:16 17:03:00<\/span><br \/>\n<span style=\"color: #808080;\">Camera model: FUJIFILM FinePix S5100<\/span><br \/>\n<span style=\"color: #808080;\">Exposure time, sec: 1\/80<\/span><br \/>\n<span style=\"color: #808080;\">Aperture (F): 8,00<\/span><br \/>\n<span style=\"color: #808080;\">ISO speed rating: 100<\/span><br \/>\n<span style=\"color: #808080;\">Lens focal length, mm: 5,7<\/span><br \/>\n<span style=\"color: #808080;\">Scene capture type: Landscape<\/span><br \/>\n<span style=\"color: #808080;\">Sharpness: Normal<\/span><br \/>\n<span style=\"color: #808080;\">SoftWare: Digital Camera FinePix S5100 Ver1.00<\/span><\/p>","protected":false},"excerpt":{"rendered":"<p>Intersec\u0163ie \u00een Drumul Taberei, Bucure\u015fti. Pe un panou spre o \u201ecatedral\u0103 a consumului\u201d \u00een termenii lui Ritzer scrie \u201ereal,- COTORCENI\u201d,<\/p>","protected":false},"author":1,"featured_media":149,"comment_status":"open","ping_status":"open","sticky":false,"template":"","format":"standard","meta":{"_exactmetrics_skip_tracking":false,"_exactmetrics_sitenote_active":false,"_exactmetrics_sitenote_note":"","_exactmetrics_sitenote_category":0,"jetpack_post_was_ever_published":false,"_jetpack_newsletter_access":"","_jetpack_dont_email_post_to_subs":false,"_jetpack_newsletter_tier_id":0,"_jetpack_memberships_contains_paywalled_content":false,"_jetpack_memberships_contains_paid_content":false,"footnotes":"","jetpack_publicize_message":"","jetpack_publicize_feature_enabled":true,"jetpack_social_post_already_shared":false,"jetpack_social_options":{"image_generator_settings":{"template":"highway","default_image_id":0,"enabled":false},"version":2}},"categories":[121,7,18],"tags":[110,112,111],"class_list":["post-150","post","type-post","status-publish","format-standard","has-post-thumbnail","hentry","category-blog","category-fotografie","category-urban","tag-cotroceni","tag-indicator","tag-reclama"],"jetpack_publicize_connections":[],"jetpack_featured_media_url":"https:\/\/i0.wp.com\/www.sociologic.ro\/wp-content\/uploads\/2011\/03\/cotorceni.JPG?fit=1024%2C768&ssl=1","jetpack_sharing_enabled":true,"jetpack_shortlink":"https:\/\/wp.me\/p9mlEp-2q","jetpack_likes_enabled":true,"jetpack-related-posts":[],"_links":{"self":[{"href":"https:\/\/www.sociologic.ro\/en\/wp-json\/wp\/v2\/posts\/150","targetHints":{"allow":["GET"]}}],"collection":[{"href":"https:\/\/www.sociologic.ro\/en\/wp-json\/wp\/v2\/posts"}],"about":[{"href":"https:\/\/www.sociologic.ro\/en\/wp-json\/wp\/v2\/types\/post"}],"author":[{"embeddable":true,"href":"https:\/\/www.sociologic.ro\/en\/wp-json\/wp\/v2\/users\/1"}],"replies":[{"embeddable":true,"href":"https:\/\/www.sociologic.ro\/en\/wp-json\/wp\/v2\/comments?post=150"}],"version-history":[{"count":0,"href":"https:\/\/www.sociologic.ro\/en\/wp-json\/wp\/v2\/posts\/150\/revisions"}],"wp:featuredmedia":[{"embeddable":true,"href":"https:\/\/www.sociologic.ro\/en\/wp-json\/wp\/v2\/media\/149"}],"wp:attachment":[{"href":"https:\/\/www.sociologic.ro\/en\/wp-json\/wp\/v2\/media?parent=150"}],"wp:term":[{"taxonomy":"category","embeddable":true,"href":"https:\/\/www.sociologic.ro\/en\/wp-json\/wp\/v2\/categories?post=150"},{"taxonomy":"post_tag","embeddable":true,"href":"https:\/\/www.sociologic.ro\/en\/wp-json\/wp\/v2\/tags?post=150"}],"curies":[{"name":"wp","href":"https:\/\/api.w.org\/{rel}","templated":true}]}}