{"id":138,"date":"2013-11-18T21:51:33","date_gmt":"2013-11-18T21:51:33","guid":{"rendered":"http:\/\/www.sociologic.ro\/cfp-rethinking-eu-immigration-conference-2014-bucharest\/"},"modified":"2019-11-24T22:24:16","modified_gmt":"2019-11-24T20:24:16","slug":"cfp-rethinking-eu-immigration-conference-2014-bucharest","status":"publish","type":"post","link":"https:\/\/www.sociologic.ro\/en\/cfp-rethinking-eu-immigration-conference-2014-bucharest\/","title":{"rendered":"CfP Rethinking EU Immigration Conference, 2014, Bucharest"},"content":{"rendered":"<p><img data-recalc-dims=\"1\" loading=\"lazy\" decoding=\"async\" data-attachment-id=\"137\" data-permalink=\"https:\/\/www.sociologic.ro\/en\/cfp-rethinking-eu-immigration-conference-2014-bucharest\/attachment-logo-cdcdii\/\" data-orig-file=\"https:\/\/i0.wp.com\/www.sociologic.ro\/wp-content\/uploads\/2013\/11\/logo_cdcdii.jpg?fit=360%2C220&amp;ssl=1\" data-orig-size=\"360,220\" data-comments-opened=\"1\" data-image-meta=\"{&quot;aperture&quot;:&quot;0&quot;,&quot;credit&quot;:&quot;&quot;,&quot;camera&quot;:&quot;&quot;,&quot;caption&quot;:&quot;&quot;,&quot;created_timestamp&quot;:&quot;0&quot;,&quot;copyright&quot;:&quot;&quot;,&quot;focal_length&quot;:&quot;0&quot;,&quot;iso&quot;:&quot;0&quot;,&quot;shutter_speed&quot;:&quot;0&quot;,&quot;title&quot;:&quot;&quot;,&quot;orientation&quot;:&quot;1&quot;}\" data-image-title=\"logo cdcdii\" data-image-description=\"\" data-image-caption=\"\" data-medium-file=\"https:\/\/i0.wp.com\/www.sociologic.ro\/wp-content\/uploads\/2013\/11\/logo_cdcdii.jpg?fit=300%2C183&amp;ssl=1\" data-large-file=\"https:\/\/i0.wp.com\/www.sociologic.ro\/wp-content\/uploads\/2013\/11\/logo_cdcdii.jpg?fit=360%2C220&amp;ssl=1\" class=\"alignleft size-full wp-image-137\" style=\"margin: 5px; float: left;\" src=\"https:\/\/i0.wp.com\/www.sociologic.ro\/wp-content\/uploads\/2013\/11\/logo_cdcdii.jpg?resize=200%2C122\" alt=\"logo cdcdii\" width=\"200\" height=\"122\" srcset=\"https:\/\/i0.wp.com\/www.sociologic.ro\/wp-content\/uploads\/2013\/11\/logo_cdcdii.jpg?w=360&amp;ssl=1 360w, https:\/\/i0.wp.com\/www.sociologic.ro\/wp-content\/uploads\/2013\/11\/logo_cdcdii.jpg?resize=300%2C183&amp;ssl=1 300w\" sizes=\"auto, (max-width: 200px) 100vw, 200px\" \/>International Conference Rethinking EU Immigration: legal developments, management and practices, 13 -14 March 2014 Bucharest, Romania, este organizat\u0103 de Asocia\u021bia Rom\u00e2n\u0103 pentru Promovarea S\u0103n\u0103t\u0103\u021bii, \u00een parteneriat cu Funda\u021bia SOROS Rom\u00e2nia \u00een cadrul proiectului&nbsp;Centru de Documentare \u0219i Cercetare \u00een Domeniul Integr\u0103rii Imigran\u021bilor.<\/p>\n<p>  <!--more-->  <\/p>\n<p><img data-recalc-dims=\"1\" loading=\"lazy\" decoding=\"async\" data-attachment-id=\"137\" data-permalink=\"https:\/\/www.sociologic.ro\/en\/cfp-rethinking-eu-immigration-conference-2014-bucharest\/attachment-logo-cdcdii\/\" data-orig-file=\"https:\/\/i0.wp.com\/www.sociologic.ro\/wp-content\/uploads\/2013\/11\/logo_cdcdii.jpg?fit=360%2C220&amp;ssl=1\" data-orig-size=\"360,220\" data-comments-opened=\"1\" data-image-meta=\"{&quot;aperture&quot;:&quot;0&quot;,&quot;credit&quot;:&quot;&quot;,&quot;camera&quot;:&quot;&quot;,&quot;caption&quot;:&quot;&quot;,&quot;created_timestamp&quot;:&quot;0&quot;,&quot;copyright&quot;:&quot;&quot;,&quot;focal_length&quot;:&quot;0&quot;,&quot;iso&quot;:&quot;0&quot;,&quot;shutter_speed&quot;:&quot;0&quot;,&quot;title&quot;:&quot;&quot;,&quot;orientation&quot;:&quot;1&quot;}\" data-image-title=\"logo cdcdii\" data-image-description=\"\" data-image-caption=\"\" data-medium-file=\"https:\/\/i0.wp.com\/www.sociologic.ro\/wp-content\/uploads\/2013\/11\/logo_cdcdii.jpg?fit=300%2C183&amp;ssl=1\" data-large-file=\"https:\/\/i0.wp.com\/www.sociologic.ro\/wp-content\/uploads\/2013\/11\/logo_cdcdii.jpg?fit=360%2C220&amp;ssl=1\" class=\"alignleft size-full wp-image-137\" style=\"margin: 5px; float: left;\" src=\"https:\/\/i0.wp.com\/www.sociologic.ro\/wp-content\/uploads\/2013\/11\/logo_cdcdii.jpg?resize=360%2C220\" alt=\"logo cdcdii\" width=\"360\" height=\"220\" srcset=\"https:\/\/i0.wp.com\/www.sociologic.ro\/wp-content\/uploads\/2013\/11\/logo_cdcdii.jpg?w=360&amp;ssl=1 360w, https:\/\/i0.wp.com\/www.sociologic.ro\/wp-content\/uploads\/2013\/11\/logo_cdcdii.jpg?resize=300%2C183&amp;ssl=1 300w\" sizes=\"auto, (max-width: 360px) 100vw, 360px\" \/>International Conference <em><strong>Rethinking EU Immigration: legal developments, management and practices<\/strong><\/em>, 13 -14 March 2014 Bucharest, Romania, este organizat\u0103 de Asocia\u021bia Rom\u00e2n\u0103 pentru Promovarea S\u0103n\u0103t\u0103\u021bii, \u00een parteneriat cu Funda\u021bia SOROS Rom\u00e2nia \u00een cadrul proiectului&nbsp;Centru de Documentare \u0219i Cercetare \u00een Domeniul Integr\u0103rii Imigran\u021bilor.<\/p>\n<p><strong>CALL FOR ABSTRACTS<\/strong><\/p>\n<p>Este integrarea imigran\u0163ilor o provocare important\u0103 pentru statele UE? Cum ar trebui guvernele s\u0103 abordeze tendin\u0163ele europene privind migra\u0163ia?<\/p>\n<p>Imigra\u0163ia \u015fi integrarea sunt de mare interes pentru factorii politici, pentru cadrele universitare, cercet\u0103tori \u015fi pentru cei care elaboreaz\u0103 politici. Odat\u0103 cu intensificarea migra\u0163iei c\u0103tre \u015fi \u00een interiorul unei Uniuni Europene deja diverse, nevoia de a \u00een\u0163elege \u015fi a explica procesul de imigrare este urgent\u0103 pentru a identifica structurile-cadru cele mai potrivite pentru integrare. Imigrarea, considerat\u0103 at\u00e2t o provocare c\u00e2t \u015fi o oportunitate, nu poate fi gestionat\u0103 eficient \u00een lipsa unor m\u0103suri coerente de integrare.<\/p>\n<p>Salut\u0103m abord\u0103rile multi-disciplinare privind dinamica migra\u0163iei \u015fi politicile de integrare precum \u015fi contribu\u0163iile care acoper\u0103 ac\u0163iuni de cercetare, analize de politici \u015fi modele de bune practici \u00een managementul migra\u0163iei.<br \/>Discu\u0163iile pot acoperi urm\u0103toarele subiecte, dar f\u0103r\u0103 a se limita la acestea:<br \/>&#8211; Transna\u0163ionalism, identitate european\u0103 \u015fi integrare \u00een Europa;<br \/>&#8211; \u00cen\u0163elegerea modulelor europene de integrare;<br \/>&#8211; Dificult\u0103\u0163i legate de m\u0103surarea integr\u0103rii imigran\u0163ilor;<br \/>&#8211; Cercet\u0103ri privind ac\u0163iunile legate de migra\u0163ie;<br \/>&#8211; Perspective legale privind imigra\u0163ia \u00een Europa;<br \/>&#8211; Rolul centrelor de cercetare privind migra\u0163ia \u00een managementul migra\u0163iei;<br \/>&#8211; Migra\u0163ie \u015fi dezvoltare.<br \/>V\u0103 rug\u0103m s\u0103 trimite\u0163i rezumatele \u00een limba englez\u0103 (max. 300 de cuvinte), inclusiv numele autorilor \u015fi afilierea, la conference@cdcdi.ro. Prezent\u0103rile integrale vor trebui trimise p\u00e2n\u0103 la data de 28 februarie 2014.<\/p>\n<p><strong>Termene limit\u0103<\/strong>:<\/p>\n<ul>\n<li>Transmiterea propunerilor de lucr\u0103ri: 20 ianuarie 2014<\/li>\n<li>Notificarea autorilor: 1 februarie 2014<\/li>\n<li>Prezent\u0103ri\/ lucr\u0103ri: 28 februarie 2014<\/li>\n<\/ul>\n<p><strong>Speakers<\/strong>:<\/p>\n<p>Jan Niessen \u2013 Migration Policy Group<br \/>Kamila Fia\u0142kovska \u2013 University of Warsaw<br \/>Don Flynn \u2013 Migrants&#8217; Rights Network<br \/>Oana Ciobanu \u2013 University of Geneva<br \/>Peter Nijkamp \u2013 VU University Amsterdam<br \/>Ayse Guveli \u2013 University of Essex<br \/>Bernhard Perchinig \u2013 ICMPD<br \/>Marlou Schrover \u2013 University of Leiden<\/p>","protected":false},"excerpt":{"rendered":"<p>International Conference Rethinking EU Immigration: legal developments, management and practices, 13 -14 March 2014 Bucharest, Romania, este organizat\u0103 de Asocia\u021bia<\/p>","protected":false},"author":1,"featured_media":137,"comment_status":"closed","ping_status":"closed","sticky":false,"template":"","format":"standard","meta":{"_exactmetrics_skip_tracking":false,"_exactmetrics_sitenote_active":false,"_exactmetrics_sitenote_note":"","_exactmetrics_sitenote_category":0,"jetpack_post_was_ever_published":false,"_jetpack_newsletter_access":"","_jetpack_dont_email_post_to_subs":false,"_jetpack_newsletter_tier_id":0,"_jetpack_memberships_contains_paywalled_content":false,"_jetpack_memberships_contains_paid_content":false,"footnotes":"","jetpack_publicize_message":"","jetpack_publicize_feature_enabled":true,"jetpack_social_post_already_shared":false,"jetpack_social_options":{"image_generator_settings":{"template":"highway","default_image_id":0,"enabled":false},"version":2}},"categories":[],"tags":[],"class_list":["post-138","post","type-post","status-publish","format-standard","has-post-thumbnail","hentry"],"jetpack_publicize_connections":[],"jetpack_featured_media_url":"https:\/\/i0.wp.com\/www.sociologic.ro\/wp-content\/uploads\/2013\/11\/logo_cdcdii.jpg?fit=360%2C220&ssl=1","jetpack_sharing_enabled":true,"jetpack_shortlink":"https:\/\/wp.me\/p9mlEp-2e","jetpack_likes_enabled":true,"jetpack-related-posts":[],"_links":{"self":[{"href":"https:\/\/www.sociologic.ro\/en\/wp-json\/wp\/v2\/posts\/138","targetHints":{"allow":["GET"]}}],"collection":[{"href":"https:\/\/www.sociologic.ro\/en\/wp-json\/wp\/v2\/posts"}],"about":[{"href":"https:\/\/www.sociologic.ro\/en\/wp-json\/wp\/v2\/types\/post"}],"author":[{"embeddable":true,"href":"https:\/\/www.sociologic.ro\/en\/wp-json\/wp\/v2\/users\/1"}],"replies":[{"embeddable":true,"href":"https:\/\/www.sociologic.ro\/en\/wp-json\/wp\/v2\/comments?post=138"}],"version-history":[{"count":0,"href":"https:\/\/www.sociologic.ro\/en\/wp-json\/wp\/v2\/posts\/138\/revisions"}],"wp:featuredmedia":[{"embeddable":true,"href":"https:\/\/www.sociologic.ro\/en\/wp-json\/wp\/v2\/media\/137"}],"wp:attachment":[{"href":"https:\/\/www.sociologic.ro\/en\/wp-json\/wp\/v2\/media?parent=138"}],"wp:term":[{"taxonomy":"category","embeddable":true,"href":"https:\/\/www.sociologic.ro\/en\/wp-json\/wp\/v2\/categories?post=138"},{"taxonomy":"post_tag","embeddable":true,"href":"https:\/\/www.sociologic.ro\/en\/wp-json\/wp\/v2\/tags?post=138"}],"curies":[{"name":"wp","href":"https:\/\/api.w.org\/{rel}","templated":true}]}}